{"id":272839,"date":"2022-09-01T14:11:43","date_gmt":"2022-09-01T12:11:43","guid":{"rendered":"https:\/\/blog.recordjet.com\/passenger-of-the-month-martin-kohlstedt\/"},"modified":"2022-09-01T14:29:10","modified_gmt":"2022-09-01T12:29:10","slug":"pasajero-del-mes-martin-kohlstedt","status":"publish","type":"post","link":"https:\/\/blog.recordjet.com\/es\/pasajero-del-mes-martin-kohlstedt\/","title":{"rendered":"Nuestro pasajero del mes de septiembre de 2022: \u00a1Martin Kohlstedt!"},"content":{"rendered":"<p>Martin Kohlstedt vive y trabaja en Weimar. Sus anteriores \u00e1lbumes <a href=\"https:\/\/open.spotify.com\/album\/0R1npyCWvQjCJW3NP8AbAY?si=ITUxKKhkT-O94XY-jrv7gw\">TAG<\/a>, <a href=\"https:\/\/open.spotify.com\/album\/6EkiEAMFLeAALIOqt7qEmr?si=jow9gLqIS-WzuDmw0JiMOA\">NACHT<\/a>, <a href=\"https:\/\/open.spotify.com\/album\/5AMVG6Bn97gUILsFNb3RAw?si=rc2IlVTgTnqpFNzmvBda2Q\">STROM<\/a>, <a href=\"https:\/\/open.spotify.com\/album\/7CQIclGDKwRjSxw5VPBhm1?si=3Y1zIZEBSR-NQ-eDj3V6SA\">STR\u00d6ME<\/a>, <a href=\"https:\/\/open.spotify.com\/album\/7hUcD3suokju68vYLXdVM8?si=BpiQos3eSm6dxISetisRdw\">FLUR<\/a> y sus acompa\u00f1antes en forma de reelaboraci\u00f3n recibieron el reconocimiento internacional y llevaron al compositor y pianista de gira de conciertos por todo el mundo.<\/p>\n<p>Kohlstedt describe su forma de trabajar como composici\u00f3n modular, las piezas est\u00e1n en constante movimiento y no siguen una forma fija ni siquiera en concierto. La improvisaci\u00f3n es una parte obligatoria del trabajo del m\u00fasico nacido en 1988, al igual que el contacto visual con el p\u00fablico, el valor de fallar y la interacci\u00f3n con el espacio, la gente y el contexto.<\/p>\n<p><img loading=\"lazy\" decoding=\"async\" id=\"longdesc-return-272841\" class=\"aligncenter size-full wp-image-272841\" tabindex=\"-1\" src=\"https:\/\/blog-recordjet-com.exactdn.com\/wp-content\/uploads\/2022\/09\/0822_martinkohlstedt_lennoncmyk3.jpg?strip=all&quality=86\" alt=\"Martin Kohlstedt\" width=\"1080\" height=\"1080\" longdesc=\"https:\/\/blog.recordjet.com?longdesc=272841&amp;referrer=272839\" srcset=\"https:\/\/blog-recordjet-com.exactdn.com\/wp-content\/uploads\/2022\/09\/0822_martinkohlstedt_lennoncmyk3.jpg 1080w, https:\/\/blog-recordjet-com.exactdn.com\/wp-content\/uploads\/2022\/09\/0822_martinkohlstedt_lennoncmyk3-300x300.jpg 300w, https:\/\/blog-recordjet-com.exactdn.com\/wp-content\/uploads\/2022\/09\/0822_martinkohlstedt_lennoncmyk3-714x714.jpg 714w, https:\/\/blog-recordjet-com.exactdn.com\/wp-content\/uploads\/2022\/09\/0822_martinkohlstedt_lennoncmyk3-80x80.jpg 80w, https:\/\/blog-recordjet-com.exactdn.com\/wp-content\/uploads\/2022\/09\/0822_martinkohlstedt_lennoncmyk3-118x118.jpg 118w, https:\/\/blog-recordjet-com.exactdn.com\/wp-content\/uploads\/2022\/09\/0822_martinkohlstedt_lennoncmyk3-36x36.jpg 36w, https:\/\/blog-recordjet-com.exactdn.com\/wp-content\/uploads\/2022\/09\/0822_martinkohlstedt_lennoncmyk3-180x180.jpg 180w, https:\/\/blog-recordjet-com.exactdn.com\/wp-content\/uploads\/2022\/09\/0822_martinkohlstedt_lennoncmyk3-705x705.jpg 705w, https:\/\/blog-recordjet-com.exactdn.com\/wp-content\/uploads\/2022\/09\/0822_martinkohlstedt_lennoncmyk3-300x300@2x.jpg 600w, https:\/\/blog-recordjet-com.exactdn.com\/wp-content\/uploads\/2022\/09\/0822_martinkohlstedt_lennoncmyk3-80x80@2x.jpg 160w, https:\/\/blog-recordjet-com.exactdn.com\/wp-content\/uploads\/2022\/09\/0822_martinkohlstedt_lennoncmyk3-118x118@2x.jpg 236w, https:\/\/blog-recordjet-com.exactdn.com\/wp-content\/uploads\/2022\/09\/0822_martinkohlstedt_lennoncmyk3-36x36@2x.jpg 72w, https:\/\/blog-recordjet-com.exactdn.com\/wp-content\/uploads\/2022\/09\/0822_martinkohlstedt_lennoncmyk3-180x180@2x.jpg 360w\" sizes=\"auto, (max-width: 1080px) 100vw, 1080px\" \/><\/p>\n<p>Adem\u00e1s de sus propias obras, Kohlstedt escribe bandas sonoras para pel\u00edculas, obras de teatro, podcasts y radioteatros, dirige su propio sello discogr\u00e1fico e intenta conciliar su trabajo con la sostenibilidad y la conciencia medioambiental.<\/p>\n<p>&nbsp;<\/p>\n<p>M\u00e1s de Martin Kohlstedt en\u00a0<a href=\"https:\/\/www.instagram.com\/martinkohlstedt\/\">Instagram<\/a>, <a href=\"https:\/\/www.youtube.com\/user\/martinkohlstedt\">YouTube<\/a>\u00a0y\u00a0<a href=\"https:\/\/open.spotify.com\/artist\/5odNYb0R6MGVmindrMrYyk?si=xtlQpn6iTnuZiZ2c5mxqew\">Spotify<\/a>.<\/p>\n<p>&nbsp;<\/p>\n<hr \/>\n<p>Una vez al mes, recordJet presenta el Pasajero del Mes. Elegido por el equipo de recordJet, se premia a un artista de recordJet que nos gusta especialmente.\u00a0<a href=\"https:\/\/www.recordjet.com\/kontakt\/\">Solicite aqu\u00ed\u2026<\/a><\/p>\n<p>&nbsp;<\/p>\n","protected":false},"excerpt":{"rendered":"<p>Martin Kohlstedt vive y trabaja en Weimar. Sus anteriores \u00e1lbumes TAG, NACHT, STROM, STR\u00d6ME, FLUR y sus acompa\u00f1antes en forma de reelaboraci\u00f3n recibieron el reconocimiento internacional y llevaron al compositor y pianista de gira de conciertos por todo el mundo. Kohlstedt describe su forma de trabajar como composici\u00f3n modular, las piezas est\u00e1n en constante movimiento [&hellip;]<\/p>\n","protected":false},"author":8,"featured_media":272831,"comment_status":"closed","ping_status":"closed","sticky":false,"template":"","format":"standard","meta":{"_acf_changed":false,"inline_featured_image":false,"footnotes":""},"categories":[6082,6068],"tags":[6126,6083],"class_list":["post-272839","post","type-post","status-publish","format-standard","has-post-thumbnail","hentry","category-potm-es","category-generalmente-es","tag-martin-kohlstedt-es","tag-passenger-of-the-month-es"],"acf":[],"yoast_head":"<!-- This site is optimized with the Yoast SEO Premium plugin v27.4 (Yoast SEO v27.4) - https:\/\/yoast.com\/product\/yoast-seo-premium-wordpress\/ -->\n<title>Nuestro pasajero del mes: \u00a1Martin Kohlstedt!<\/title>\n<meta name=\"description\" content=\"De la composici\u00f3n modular a los conciertos altamente emotivos: Martin Kohlstedt\" \/>\n<meta name=\"robots\" content=\"index, follow, max-snippet:-1, max-image-preview:large, max-video-preview:-1\" \/>\n<link rel=\"canonical\" href=\"https:\/\/blog.recordjet.com\/es\/pasajero-del-mes-martin-kohlstedt\/\" \/>\n<meta property=\"og:locale\" content=\"es_ES\" \/>\n<meta property=\"og:type\" content=\"article\" \/>\n<meta property=\"og:title\" content=\"Nuestro pasajero del mes de septiembre de 2022: \u00a1Martin Kohlstedt!\" \/>\n<meta property=\"og:description\" content=\"De la composici\u00f3n modular a los conciertos altamente emotivos: Martin Kohlstedt\" \/>\n<meta property=\"og:url\" content=\"https:\/\/blog.recordjet.com\/es\/pasajero-del-mes-martin-kohlstedt\/\" \/>\n<meta property=\"og:site_name\" content=\"recordJet\" \/>\n<meta property=\"article:publisher\" content=\"https:\/\/www.facebook.com\/recordJet\" \/>\n<meta property=\"article:published_time\" content=\"2022-09-01T12:11:43+00:00\" \/>\n<meta property=\"article:modified_time\" content=\"2022-09-01T12:29:10+00:00\" \/>\n<meta property=\"og:image\" content=\"https:\/\/blog.recordjet.com\/wp-content\/uploads\/2022\/09\/Martin-Kohlstedt-c-Nicola-Troehler.jpg\" \/>\n\t<meta property=\"og:image:width\" content=\"2048\" \/>\n\t<meta property=\"og:image:height\" content=\"1365\" \/>\n\t<meta property=\"og:image:type\" content=\"image\/jpeg\" \/>\n<meta name=\"author\" content=\"Angela Peltner\" \/>\n<meta name=\"twitter:card\" content=\"summary_large_image\" \/>\n<meta name=\"twitter:creator\" content=\"@recordJet\" \/>\n<meta name=\"twitter:site\" content=\"@recordJet\" \/>\n<meta name=\"twitter:label1\" content=\"Escrito por\" \/>\n\t<meta name=\"twitter:data1\" content=\"Angela Peltner\" \/>\n\t<meta name=\"twitter:label2\" content=\"Tiempo de lectura\" \/>\n\t<meta name=\"twitter:data2\" content=\"2 minutos\" \/>\n<script type=\"application\/ld+json\" class=\"yoast-schema-graph\">{\"@context\":\"https:\\\/\\\/schema.org\",\"@graph\":[{\"@type\":\"Article\",\"@id\":\"https:\\\/\\\/blog.recordjet.com\\\/es\\\/pasajero-del-mes-martin-kohlstedt\\\/#article\",\"isPartOf\":{\"@id\":\"https:\\\/\\\/blog.recordjet.com\\\/es\\\/pasajero-del-mes-martin-kohlstedt\\\/\"},\"author\":{\"name\":\"Angela Peltner\",\"@id\":\"https:\\\/\\\/blog.recordjet.com\\\/es\\\/#\\\/schema\\\/person\\\/1dcefcf2da133f1660f5a24ec136ed5b\"},\"headline\":\"Nuestro pasajero del mes de septiembre de 2022: \u00a1Martin Kohlstedt!\",\"datePublished\":\"2022-09-01T12:11:43+00:00\",\"dateModified\":\"2022-09-01T12:29:10+00:00\",\"mainEntityOfPage\":{\"@id\":\"https:\\\/\\\/blog.recordjet.com\\\/es\\\/pasajero-del-mes-martin-kohlstedt\\\/\"},\"wordCount\":198,\"publisher\":{\"@id\":\"https:\\\/\\\/blog.recordjet.com\\\/es\\\/#organization\"},\"image\":{\"@id\":\"https:\\\/\\\/blog.recordjet.com\\\/es\\\/pasajero-del-mes-martin-kohlstedt\\\/#primaryimage\"},\"thumbnailUrl\":\"https:\\\/\\\/blog-recordjet-com.exactdn.com\\\/wp-content\\\/uploads\\\/2022\\\/09\\\/Martin-Kohlstedt-c-Nicola-Troehler.jpg?strip=all&quality=86\",\"keywords\":[\"Martin Kohlstedt\",\"Passenger of the Month\"],\"articleSection\":[\"Artist of the Month\",\"Generalmente\"],\"inLanguage\":\"es\",\"copyrightYear\":\"2022\",\"copyrightHolder\":{\"@id\":\"https:\\\/\\\/blog.recordjet.com\\\/#organization\"}},{\"@type\":\"WebPage\",\"@id\":\"https:\\\/\\\/blog.recordjet.com\\\/es\\\/pasajero-del-mes-martin-kohlstedt\\\/\",\"url\":\"https:\\\/\\\/blog.recordjet.com\\\/es\\\/pasajero-del-mes-martin-kohlstedt\\\/\",\"name\":\"Nuestro pasajero del mes: \u00a1Martin Kohlstedt!\",\"isPartOf\":{\"@id\":\"https:\\\/\\\/blog.recordjet.com\\\/es\\\/#website\"},\"primaryImageOfPage\":{\"@id\":\"https:\\\/\\\/blog.recordjet.com\\\/es\\\/pasajero-del-mes-martin-kohlstedt\\\/#primaryimage\"},\"image\":{\"@id\":\"https:\\\/\\\/blog.recordjet.com\\\/es\\\/pasajero-del-mes-martin-kohlstedt\\\/#primaryimage\"},\"thumbnailUrl\":\"https:\\\/\\\/blog-recordjet-com.exactdn.com\\\/wp-content\\\/uploads\\\/2022\\\/09\\\/Martin-Kohlstedt-c-Nicola-Troehler.jpg?strip=all&quality=86\",\"datePublished\":\"2022-09-01T12:11:43+00:00\",\"dateModified\":\"2022-09-01T12:29:10+00:00\",\"description\":\"De la composici\u00f3n modular a los conciertos altamente emotivos: Martin Kohlstedt\",\"breadcrumb\":{\"@id\":\"https:\\\/\\\/blog.recordjet.com\\\/es\\\/pasajero-del-mes-martin-kohlstedt\\\/#breadcrumb\"},\"inLanguage\":\"es\",\"potentialAction\":[{\"@type\":\"ReadAction\",\"target\":[\"https:\\\/\\\/blog.recordjet.com\\\/es\\\/pasajero-del-mes-martin-kohlstedt\\\/\"]}]},{\"@type\":\"ImageObject\",\"inLanguage\":\"es\",\"@id\":\"https:\\\/\\\/blog.recordjet.com\\\/es\\\/pasajero-del-mes-martin-kohlstedt\\\/#primaryimage\",\"url\":\"https:\\\/\\\/blog-recordjet-com.exactdn.com\\\/wp-content\\\/uploads\\\/2022\\\/09\\\/Martin-Kohlstedt-c-Nicola-Troehler.jpg?strip=all&quality=86\",\"contentUrl\":\"https:\\\/\\\/blog-recordjet-com.exactdn.com\\\/wp-content\\\/uploads\\\/2022\\\/09\\\/Martin-Kohlstedt-c-Nicola-Troehler.jpg?strip=all&quality=86\",\"width\":2048,\"height\":1365,\"caption\":\"Martin Kohlstedt\"},{\"@type\":\"BreadcrumbList\",\"@id\":\"https:\\\/\\\/blog.recordjet.com\\\/es\\\/pasajero-del-mes-martin-kohlstedt\\\/#breadcrumb\",\"itemListElement\":[{\"@type\":\"ListItem\",\"position\":1,\"name\":\"Startseite\",\"item\":\"https:\\\/\\\/blog.recordjet.com\\\/es\\\/start\\\/\"},{\"@type\":\"ListItem\",\"position\":2,\"name\":\"Nuestro pasajero del mes de septiembre de 2022: \u00a1Martin Kohlstedt!\"}]},{\"@type\":\"WebSite\",\"@id\":\"https:\\\/\\\/blog.recordjet.com\\\/es\\\/#website\",\"url\":\"https:\\\/\\\/blog.recordjet.com\\\/es\\\/\",\"name\":\"recordJet Blog\",\"description\":\"Your Music. No Limits.\",\"publisher\":{\"@id\":\"https:\\\/\\\/blog.recordjet.com\\\/es\\\/#organization\"},\"potentialAction\":[{\"@type\":\"SearchAction\",\"target\":{\"@type\":\"EntryPoint\",\"urlTemplate\":\"https:\\\/\\\/blog.recordjet.com\\\/es\\\/?s={search_term_string}\"},\"query-input\":{\"@type\":\"PropertyValueSpecification\",\"valueRequired\":true,\"valueName\":\"search_term_string\"}}],\"inLanguage\":\"es\"},{\"@type\":\"Organization\",\"@id\":\"https:\\\/\\\/blog.recordjet.com\\\/es\\\/#organization\",\"name\":\"recordJet\",\"url\":\"https:\\\/\\\/blog.recordjet.com\\\/es\\\/\",\"logo\":{\"@type\":\"ImageObject\",\"inLanguage\":\"es\",\"@id\":\"https:\\\/\\\/blog.recordjet.com\\\/es\\\/#\\\/schema\\\/logo\\\/image\\\/\",\"url\":\"https:\\\/\\\/blog.recordjet.com\\\/wp-content\\\/uploads\\\/2023\\\/08\\\/RJ-Complete_RGB.svg\",\"contentUrl\":\"https:\\\/\\\/blog.recordjet.com\\\/wp-content\\\/uploads\\\/2023\\\/08\\\/RJ-Complete_RGB.svg\",\"width\":\"714\",\"height\":\"714\",\"caption\":\"recordJet\"},\"image\":{\"@id\":\"https:\\\/\\\/blog.recordjet.com\\\/es\\\/#\\\/schema\\\/logo\\\/image\\\/\"},\"sameAs\":[\"https:\\\/\\\/www.facebook.com\\\/recordJet\",\"https:\\\/\\\/x.com\\\/recordJet\",\"https:\\\/\\\/www.instagram.com\\\/recordjet\\\/\",\"https:\\\/\\\/de.linkedin.com\\\/company\\\/recordjet\",\"https:\\\/\\\/www.youtube.com\\\/channel\\\/UCPlJK9s-nhQLAAbFlOyQ3GA\",\"https:\\\/\\\/de.wikipedia.org\\\/wiki\\\/RecordJet\"]},{\"@type\":\"Person\",\"@id\":\"https:\\\/\\\/blog.recordjet.com\\\/es\\\/#\\\/schema\\\/person\\\/1dcefcf2da133f1660f5a24ec136ed5b\",\"name\":\"Angela Peltner\",\"image\":{\"@type\":\"ImageObject\",\"inLanguage\":\"es\",\"@id\":\"https:\\\/\\\/blog-recordjet-com.exactdn.com\\\/wp-content\\\/uploads\\\/2019\\\/12\\\/Angela_Blog.png?strip=all&quality=86&resize=96%2C96\",\"url\":\"https:\\\/\\\/blog-recordjet-com.exactdn.com\\\/wp-content\\\/uploads\\\/2019\\\/12\\\/Angela_Blog.png?strip=all&quality=86&resize=96%2C96\",\"contentUrl\":\"https:\\\/\\\/blog-recordjet-com.exactdn.com\\\/wp-content\\\/uploads\\\/2019\\\/12\\\/Angela_Blog.png?strip=all&quality=86&resize=96%2C96\",\"caption\":\"Angela Peltner\"},\"url\":\"https:\\\/\\\/blog.recordjet.com\\\/es\\\/author\\\/angela\\\/\"}]}<\/script>\n<!-- \/ Yoast SEO Premium plugin. -->","yoast_head_json":{"title":"Nuestro pasajero del mes: \u00a1Martin Kohlstedt!","description":"De la composici\u00f3n modular a los conciertos altamente emotivos: Martin Kohlstedt","robots":{"index":"index","follow":"follow","max-snippet":"max-snippet:-1","max-image-preview":"max-image-preview:large","max-video-preview":"max-video-preview:-1"},"canonical":"https:\/\/blog.recordjet.com\/es\/pasajero-del-mes-martin-kohlstedt\/","og_locale":"es_ES","og_type":"article","og_title":"Nuestro pasajero del mes de septiembre de 2022: \u00a1Martin Kohlstedt!","og_description":"De la composici\u00f3n modular a los conciertos altamente emotivos: Martin Kohlstedt","og_url":"https:\/\/blog.recordjet.com\/es\/pasajero-del-mes-martin-kohlstedt\/","og_site_name":"recordJet","article_publisher":"https:\/\/www.facebook.com\/recordJet","article_published_time":"2022-09-01T12:11:43+00:00","article_modified_time":"2022-09-01T12:29:10+00:00","og_image":[{"width":2048,"height":1365,"url":"https:\/\/blog.recordjet.com\/wp-content\/uploads\/2022\/09\/Martin-Kohlstedt-c-Nicola-Troehler.jpg","type":"image\/jpeg"}],"author":"Angela Peltner","twitter_card":"summary_large_image","twitter_creator":"@recordJet","twitter_site":"@recordJet","twitter_misc":{"Escrito por":"Angela Peltner","Tiempo de lectura":"2 minutos"},"schema":{"@context":"https:\/\/schema.org","@graph":[{"@type":"Article","@id":"https:\/\/blog.recordjet.com\/es\/pasajero-del-mes-martin-kohlstedt\/#article","isPartOf":{"@id":"https:\/\/blog.recordjet.com\/es\/pasajero-del-mes-martin-kohlstedt\/"},"author":{"name":"Angela Peltner","@id":"https:\/\/blog.recordjet.com\/es\/#\/schema\/person\/1dcefcf2da133f1660f5a24ec136ed5b"},"headline":"Nuestro pasajero del mes de septiembre de 2022: \u00a1Martin Kohlstedt!","datePublished":"2022-09-01T12:11:43+00:00","dateModified":"2022-09-01T12:29:10+00:00","mainEntityOfPage":{"@id":"https:\/\/blog.recordjet.com\/es\/pasajero-del-mes-martin-kohlstedt\/"},"wordCount":198,"publisher":{"@id":"https:\/\/blog.recordjet.com\/es\/#organization"},"image":{"@id":"https:\/\/blog.recordjet.com\/es\/pasajero-del-mes-martin-kohlstedt\/#primaryimage"},"thumbnailUrl":"https:\/\/blog-recordjet-com.exactdn.com\/wp-content\/uploads\/2022\/09\/Martin-Kohlstedt-c-Nicola-Troehler.jpg?strip=all&quality=86","keywords":["Martin Kohlstedt","Passenger of the Month"],"articleSection":["Artist of the Month","Generalmente"],"inLanguage":"es","copyrightYear":"2022","copyrightHolder":{"@id":"https:\/\/blog.recordjet.com\/#organization"}},{"@type":"WebPage","@id":"https:\/\/blog.recordjet.com\/es\/pasajero-del-mes-martin-kohlstedt\/","url":"https:\/\/blog.recordjet.com\/es\/pasajero-del-mes-martin-kohlstedt\/","name":"Nuestro pasajero del mes: \u00a1Martin Kohlstedt!","isPartOf":{"@id":"https:\/\/blog.recordjet.com\/es\/#website"},"primaryImageOfPage":{"@id":"https:\/\/blog.recordjet.com\/es\/pasajero-del-mes-martin-kohlstedt\/#primaryimage"},"image":{"@id":"https:\/\/blog.recordjet.com\/es\/pasajero-del-mes-martin-kohlstedt\/#primaryimage"},"thumbnailUrl":"https:\/\/blog-recordjet-com.exactdn.com\/wp-content\/uploads\/2022\/09\/Martin-Kohlstedt-c-Nicola-Troehler.jpg?strip=all&quality=86","datePublished":"2022-09-01T12:11:43+00:00","dateModified":"2022-09-01T12:29:10+00:00","description":"De la composici\u00f3n modular a los conciertos altamente emotivos: Martin Kohlstedt","breadcrumb":{"@id":"https:\/\/blog.recordjet.com\/es\/pasajero-del-mes-martin-kohlstedt\/#breadcrumb"},"inLanguage":"es","potentialAction":[{"@type":"ReadAction","target":["https:\/\/blog.recordjet.com\/es\/pasajero-del-mes-martin-kohlstedt\/"]}]},{"@type":"ImageObject","inLanguage":"es","@id":"https:\/\/blog.recordjet.com\/es\/pasajero-del-mes-martin-kohlstedt\/#primaryimage","url":"https:\/\/blog-recordjet-com.exactdn.com\/wp-content\/uploads\/2022\/09\/Martin-Kohlstedt-c-Nicola-Troehler.jpg?strip=all&quality=86","contentUrl":"https:\/\/blog-recordjet-com.exactdn.com\/wp-content\/uploads\/2022\/09\/Martin-Kohlstedt-c-Nicola-Troehler.jpg?strip=all&quality=86","width":2048,"height":1365,"caption":"Martin Kohlstedt"},{"@type":"BreadcrumbList","@id":"https:\/\/blog.recordjet.com\/es\/pasajero-del-mes-martin-kohlstedt\/#breadcrumb","itemListElement":[{"@type":"ListItem","position":1,"name":"Startseite","item":"https:\/\/blog.recordjet.com\/es\/start\/"},{"@type":"ListItem","position":2,"name":"Nuestro pasajero del mes de septiembre de 2022: \u00a1Martin Kohlstedt!"}]},{"@type":"WebSite","@id":"https:\/\/blog.recordjet.com\/es\/#website","url":"https:\/\/blog.recordjet.com\/es\/","name":"recordJet Blog","description":"Your Music. No Limits.","publisher":{"@id":"https:\/\/blog.recordjet.com\/es\/#organization"},"potentialAction":[{"@type":"SearchAction","target":{"@type":"EntryPoint","urlTemplate":"https:\/\/blog.recordjet.com\/es\/?s={search_term_string}"},"query-input":{"@type":"PropertyValueSpecification","valueRequired":true,"valueName":"search_term_string"}}],"inLanguage":"es"},{"@type":"Organization","@id":"https:\/\/blog.recordjet.com\/es\/#organization","name":"recordJet","url":"https:\/\/blog.recordjet.com\/es\/","logo":{"@type":"ImageObject","inLanguage":"es","@id":"https:\/\/blog.recordjet.com\/es\/#\/schema\/logo\/image\/","url":"https:\/\/blog.recordjet.com\/wp-content\/uploads\/2023\/08\/RJ-Complete_RGB.svg","contentUrl":"https:\/\/blog.recordjet.com\/wp-content\/uploads\/2023\/08\/RJ-Complete_RGB.svg","width":"714","height":"714","caption":"recordJet"},"image":{"@id":"https:\/\/blog.recordjet.com\/es\/#\/schema\/logo\/image\/"},"sameAs":["https:\/\/www.facebook.com\/recordJet","https:\/\/x.com\/recordJet","https:\/\/www.instagram.com\/recordjet\/","https:\/\/de.linkedin.com\/company\/recordjet","https:\/\/www.youtube.com\/channel\/UCPlJK9s-nhQLAAbFlOyQ3GA","https:\/\/de.wikipedia.org\/wiki\/RecordJet"]},{"@type":"Person","@id":"https:\/\/blog.recordjet.com\/es\/#\/schema\/person\/1dcefcf2da133f1660f5a24ec136ed5b","name":"Angela Peltner","image":{"@type":"ImageObject","inLanguage":"es","@id":"https:\/\/blog-recordjet-com.exactdn.com\/wp-content\/uploads\/2019\/12\/Angela_Blog.png?strip=all&quality=86&resize=96%2C96","url":"https:\/\/blog-recordjet-com.exactdn.com\/wp-content\/uploads\/2019\/12\/Angela_Blog.png?strip=all&quality=86&resize=96%2C96","contentUrl":"https:\/\/blog-recordjet-com.exactdn.com\/wp-content\/uploads\/2019\/12\/Angela_Blog.png?strip=all&quality=86&resize=96%2C96","caption":"Angela Peltner"},"url":"https:\/\/blog.recordjet.com\/es\/author\/angela\/"}]}},"_links":{"self":[{"href":"https:\/\/blog.recordjet.com\/es\/wp-json\/wp\/v2\/posts\/272839","targetHints":{"allow":["GET"]}}],"collection":[{"href":"https:\/\/blog.recordjet.com\/es\/wp-json\/wp\/v2\/posts"}],"about":[{"href":"https:\/\/blog.recordjet.com\/es\/wp-json\/wp\/v2\/types\/post"}],"author":[{"embeddable":true,"href":"https:\/\/blog.recordjet.com\/es\/wp-json\/wp\/v2\/users\/8"}],"replies":[{"embeddable":true,"href":"https:\/\/blog.recordjet.com\/es\/wp-json\/wp\/v2\/comments?post=272839"}],"version-history":[{"count":2,"href":"https:\/\/blog.recordjet.com\/es\/wp-json\/wp\/v2\/posts\/272839\/revisions"}],"predecessor-version":[{"id":272844,"href":"https:\/\/blog.recordjet.com\/es\/wp-json\/wp\/v2\/posts\/272839\/revisions\/272844"}],"wp:featuredmedia":[{"embeddable":true,"href":"https:\/\/blog.recordjet.com\/es\/wp-json\/wp\/v2\/media\/272831"}],"wp:attachment":[{"href":"https:\/\/blog.recordjet.com\/es\/wp-json\/wp\/v2\/media?parent=272839"}],"wp:term":[{"taxonomy":"category","embeddable":true,"href":"https:\/\/blog.recordjet.com\/es\/wp-json\/wp\/v2\/categories?post=272839"},{"taxonomy":"post_tag","embeddable":true,"href":"https:\/\/blog.recordjet.com\/es\/wp-json\/wp\/v2\/tags?post=272839"}],"curies":[{"name":"wp","href":"https:\/\/api.w.org\/{rel}","templated":true}]}}