{"id":289530,"date":"2026-09-01T11:08:43","date_gmt":"2026-09-01T09:08:43","guid":{"rendered":"https:\/\/blog.recordjet.com\/mine-nuestro-artist-of-the-month-de-septiembre-de-2026-recordjet\/"},"modified":"2026-09-01T11:08:43","modified_gmt":"2026-09-01T09:08:43","slug":"mine-nuestro-artist-of-the-month-de-septiembre-de-2026-recordjet","status":"publish","type":"post","link":"https:\/\/blog.recordjet.com\/es\/mine-nuestro-artist-of-the-month-de-septiembre-de-2026-recordjet\/","title":{"rendered":"Mine: nuestro Artist of the Month de septiembre de 2026 | recordJet"},"content":{"rendered":"<p>Mine es nuestra <a href=\"https:\/\/blog.recordjet.com\/es\/category\/potm-es\/\">Artist of the Month<\/a> en septiembre de 2026 y el 4 de septiembre sale \u201c<a href=\"https:\/\/loveyourartist.com\/de\/merch\/killer-signierte-cd-preorder-CKRG6D\">KILLER<\/a>\u201d, su nuevo y sexto \u00e1lbum. Ya era hora de contar una carrera que casi se puede leer a trav\u00e9s de sus discos. <\/p>\n<p>Hay artistas a los que, tras tres canciones, ya los tienes bastante calados. \u00bfG\u00e9nero? Check. \u00bfSonido? Check. Caj\u00f3n cerrado.     <\/p>\n<p>Y luego est\u00e1 <a href=\"https:\/\/minemusik.de\/\">Mine<\/a>.<\/p>\n<p>Desde hace trece a\u00f1os, la cantante, compositora, productora y autora compone m\u00fasica que se resiste con bastante \u00e9xito a quedarse encasillada en ning\u00fan sitio. \u00bfPop? Claro. Pero tambi\u00e9n hay jazz, hip-hop, folk, electr\u00f3nica, cuerdas, sintetizadores y, una y otra vez, instrumentos y sonidos con los que no necesariamente contabas al momento siguiente.   <\/p>\n<p>Quiz\u00e1 intentar explicar a Mine a trav\u00e9s de un g\u00e9nero sea, desde el principio, el enfoque equivocado.<\/p>\n<p>Porque en los \u00faltimos trece a\u00f1os ha logrado sobre todo una cosa: se ha labrado una reputaci\u00f3n como una de las artistas pop alemanas m\u00e1s influyentes fuera del mainstream. Y, al hacerlo, ha caminado una y otra vez por una cuerda floja en la que el \u00e9xito y una independencia art\u00edstica radical pueden coexistir. <\/p>\n<h3>Siempre aut\u00e9ntica. Siempre fiel a s\u00ed misma. Siempre Mine. Solo que en distintos momentos de su vida.   <\/h3>\n<p>Y ahora mismo est\u00e1 empezando otro nuevo.<\/p>\n<p>Por eso encaja tan bien que hoy sea nuestra <a href=\"https:\/\/blog.recordjet.com\/es\/tag\/potm-es\/\">Artist of the Month<\/a>: Mine representa muchas de las cosas que celebramos de la m\u00fasica independiente: una visi\u00f3n art\u00edstica clara, una evoluci\u00f3n coherente y el valor de replantearse una y otra vez el propio camino.<\/p>\n<p>El 16 de septiembre, adem\u00e1s, forma <a href=\"https:\/\/blog.recordjet.com\/flinta-music-force-showcase-beim-reeperbahn-festival-mit-mine\/\">parte del FLINTA* Music Force Showcase<\/a> en el Reeperbahn Festival de Hamburgo, junto con <a href=\"https:\/\/blog.recordjet.com\/flinta-music-force-showcase-hamburg-2026-line-up-update\/\">l\u00f9isa y Charlotte Colace<\/a> en el Schmidtchen, en Spielbudenplatz.<\/p>\n<blockquote><p>La nieve gotea desde arriba<br \/>\nQu\u00e9 asco y qu\u00e9 fr\u00edo<br \/>\nNo he perdido nada<br \/>\nSolo busco apoyo<\/p>\n<p>Dunkel, Mine<\/p><\/blockquote>\n<h3>Del canto jazz a una visi\u00f3n de pop totalmente propia<\/h3>\n<p>Que Mine no solo quiere cantar m\u00fasica, sino entenderla y darle forma hasta el m\u00e1s m\u00ednimo detalle, atraviesa toda su carrera.<\/p>\n<p>Criada cerca de Stuttgart, ya de ni\u00f1a recibe clases de canto e instrumentos. M\u00e1s tarde estudia canto jazz en la Hochschule f\u00fcr Musik Mainz y despu\u00e9s empieza en la Popakademie Baden-W\u00fcrttemberg un m\u00e1ster en Producing y Composing. <\/p>\n<p>Ya al comienzo de su carrera se ve una cualidad que distingue a Mine hasta hoy: cuando tiene una idea, puede ser perfectamente un poco m\u00e1s grande. En 2013 recauda por crowdfunding m\u00e1s de 10.000 euros para un concierto en el Capitol de Mannheim con todo vendido; ella misma arregla las canciones para una orquesta de c\u00e1mara creada expresamente. Unos a\u00f1os despu\u00e9s repite el experimento a lo grande: casi 32.000 euros se re\u00fanen para un concierto con orquesta en Berl\u00edn.  <\/p>\n<p>Hoy suena casi como un primer borrador de su carrera: hacerlo t\u00fa misma, pensar a lo grande y, musicalmente, por favor, no tomar nunca el camino m\u00e1s f\u00e1cil.<\/p>\n<h3>\u201c<a href=\"https:\/\/open.spotify.com\/album\/0QASaQOBNimDx95xSNjbYt?si=pH2Iy0RrQ26u9BsFtaecOQ\">Mine<\/a>\u201d (2014): al principio est\u00e1 el propio lenguaje<\/h3>\n<p>El \u00e1lbum debut ya muestra lo que despu\u00e9s se convertir\u00e1 en su sello: arreglos poco habituales, una forma muy propia de manejar el alem\u00e1n y una voz que nunca se pierde, ni siquiera en producciones grandes. Para \u201cZiehst du mit\u201d surgen cuatro versiones con cuatro raperos distintos, entre ellos Fatoni. La cercan\u00eda al hip-hop se quedar\u00e1.  <\/p>\n<h3>\u201c<a href=\"https:\/\/open.spotify.com\/album\/4cea8m3CLE3a7zGGxJBeJy?si=Eb2WDXomTJSet08sD2iFIw\">Das Ziel ist im Weg<\/a>\u201d (2016): por favor, nada de l\u00edneas rectas<\/h3>\n<p>El sonido se hace m\u00e1s grande, m\u00e1s oscuro y m\u00e1s electr\u00f3nico. Los sintetizadores se encuentran con el folk, el jazz y el hip-hop; entre medias, el gusto de Mine por las im\u00e1genes ling\u00fc\u00edsticas inusuales. El \u00e1lbum alcanza el puesto 81 de las listas alemanas: el inicio de una evoluci\u00f3n notablemente constante hacia arriba.  <\/p>\n<h3>\u201c<a href=\"https:\/\/open.spotify.com\/album\/7rbt4glUNUs4v3Af9tMdys?si=gMq4f4QqTfWCiBsUtF0gHA\">Alle Liebe nachtr\u00e4glich<\/a>\u201d (2017): Mine &#038; <a href=\"https:\/\/de.wikipedia.org\/wiki\/Fatoni\">Fatoni<\/a><\/h3>\n<p>Mine y Fatoni hacen un \u00e1lbum conjunto: dos artistas con una relaci\u00f3n bastante buena con el lenguaje y una preferencia compartida por complicar respuestas supuestamente sencillas. Va de amor y relaciones, pero no solo de sus lados bonitos. El \u00e1lbum llega al puesto 47 de las listas alemanas.  <\/p>\n<h3>\u201c<a href=\"https:\/\/open.spotify.com\/album\/3BgMcQM7xqu6yEi9eOM4Zg?si=dJJg9ewUSiKtXS4LsNJ7iQ\">Klebstoff<\/a>\u201d (2019): lo que se nos queda pegado<\/h3>\n<p>Con \u201cKlebstoff\u201d, el sonido de Mine se vuelve m\u00e1s org\u00e1nico: cuerdas, flautas, \u00f3rganos\u2026 incluso una gaita. Mine ya toca y produce en gran medida por su cuenta, y el \u00e1lbum entra en el puesto 28 de las listas alemanas. <\/p>\n<p>Con \u201cKlebstoff\u201d empieza a la vez algo que, visto en retrospectiva, se puede leer como un marco mayor: el arranque de una trilog\u00eda que va de \u201cHin\u00fcber\u201d a \u201cBaum\u201d, tres \u00e1lbumes tras los que Mine, en 2026, con \u201cKILLER\u201d, apuesta conscientemente por un nuevo comienzo.<\/p>\n<h3>\u201c<a href=\"https:\/\/open.spotify.com\/album\/2RSaGCGbyH6RQ961bCr3sW?si=GII9ACiuQE-W-KSXJTjDpg\">Hin\u00fcber<\/a>\u201d (2021): cuando de repente el mundo entero se sienta a la mesa<\/h3>\n<p>Crisis clim\u00e1tica, responsabilidad social, privilegios\u2026 y aun as\u00ed queda espacio para la amistad y observaciones muy personales. \u201cHin\u00fcber\u201d alcanza el puesto 13 de las listas alemanas. Ese mismo a\u00f1o, Mine recibe el premio Popkultur, obtiene el Deutscher Musikautorenpreis y adem\u00e1s arregla cuerdas para el \u00e1lbum n\u00famero uno de Danger Dan.  <\/p>\n<h3>\u201c<a href=\"https:\/\/open.spotify.com\/album\/4JGG9900H46EBP4vR0GYyI?si=cK5QGqooTT6KuCK2ue6vqw\">Baum<\/a>\u201d (2024): crece algo nuevo<\/h3>\n<p>Tras mirar a un mundo que parece roto en muchos puntos, \u201cBaum\u201d pregunta: \u00bfqu\u00e9 crece despu\u00e9s?<\/p>\n<p>El p\u00fablico sigue a Mine tambi\u00e9n hasta all\u00ed: puesto 7 en las listas alemanas, gira con todo vendido y, en 2025, de nuevo grandes conciertos con orquesta con un ensemble de m\u00e1s de 20 integrantes.<\/p>\n<p>Desde el crowdfunding para el primer concierto con orquesta hasta aqu\u00ed han pasado muchas cosas. Aun as\u00ed, la idea detr\u00e1s ha seguido siendo sorprendentemente parecida. <\/p>\n<h3>Una carrera sin miedo a la colaboraci\u00f3n<\/h3>\n<p>Quien se adentra en la discograf\u00eda de Mine se encuentra inevitablemente con muchos otros artistas.<\/p>\n<p>Fatoni, Samy Deluxe, Die Orsons, Edgar Wasser, Sophie Hunger, Grossstadtgefl\u00fcster, Giulia Becker, Mauli, Danger Dan, AB Syndrom\u2026 la lista es larga. Pero lo interesante no es tanto <a href=\"https:\/\/taz.de\/Portraet-der-Berliner-Saengerin-Mine\/!5773543\/\">con qui\u00e9n trabaja Mine<\/a>, sino c\u00f3mo. <\/p>\n<p>Los feats rara vez suenan en ella como nombres colocados estrat\u00e9gicamente en una tracklist. M\u00e1s bien, Mine integra otras perspectivas art\u00edsticas con total naturalidad en su propio mundo, sin perder su sello. Mine no tiene que demostrar su independencia manteniendo todo lo dem\u00e1s a distancia.  <\/p>\n<h3>\u201cKILLER\u201d (2026): volver a empezar<\/h3>\n<p>Y con eso volvemos a 2026.<\/p>\n<p>Tras \u201cKlebstoff\u201d, \u201cHin\u00fcber\u201d y \u201cBaum\u201d, con \u201cKILLER\u201d se cierra un cap\u00edtulo y, al mismo tiempo, empieza uno nuevo. El sexto \u00e1lbum en solitario est\u00e1 planteado de forma m\u00e1s contenida y directa: menos instrumentos, sintetizadores anal\u00f3gicos, arreglos m\u00e1s claros y letras sobre el cambio, la b\u00fasqueda de uno mismo y el nuevo comienzo. <\/p>\n<p>La propia Mine describe este proceso de forma bastante dr\u00e1stica:<\/p>\n<blockquote><p>\u201cHe matado versiones antiguas de m\u00ed misma\u201d.<\/p><\/blockquote>\n<p>Con \u201cDunkel\u201d, \u201cOxytocin\u201d feat. LIONSTORM, \u201cBild von mir\u201d feat. ELEO y, entretanto, tambi\u00e9n <strong>\u201c<\/strong>Ohne dich<strong>\u201d<\/strong> han salido cuatro adelantos. \u201cOhne dich\u201d es el \u00faltimo tema publicado antes del lanzamiento del \u00e1lbum: una canci\u00f3n de despedida que empieza peque\u00f1a y acaba convirti\u00e9ndose en un entramado de sintetizadores.   <\/p>\n<p>El 4 de septiembre llega \u201cKILLER\u201d. En noviembre, Mine se va con \u00e9l <a href=\"https:\/\/minemusik.de\/\">de gran gira: 15 fechas<\/a> la llevar\u00e1n por Alemania y Austria, desde el arranque el 4 de noviembre en Mannheim hasta el cierre el 21 de noviembre en la Uber Eats Music Hall de Berl\u00edn. El recinto y la fecha ya est\u00e1n confirmados oficialmente.  <\/p>\n<p>\u00bfY despu\u00e9s? Primero, una pausa. <\/p>\n<p>Mine ya anunci\u00f3 a finales de 2025 que, tras esta gira, quiere tomarse <a href=\"https:\/\/www.musikexpress.de\/mine-geht-auf-killer-tour-2026-musikexpress-praesentiert-3124167\/\">un descanso<\/a>. Precisamente por eso, \u201cKILLER\u201d cobra otra dimensi\u00f3n: el \u00e1lbum no es simplemente el siguiente punto en una discograf\u00eda ya de por s\u00ed larga. Marca un reinicio consciente, justo antes de que Mine se tome un tiempo para s\u00ed misma tras a\u00f1os de \u00e1lbumes, giras, conciertos con orquesta y colaboraciones.  <\/p>\n<p>Quiz\u00e1, despu\u00e9s de todos estos a\u00f1os, eso sea tambi\u00e9n bastante coherente: cambiar cuando el cambio es lo correcto. Y parar cuando parar es lo correcto. <\/p>\n<h3>Mine, Artist of the Month: el \u00e9xito y la integridad art\u00edstica van de la mano<\/h3>\n<p>Mine no se ha ganado su posici\u00f3n en el panorama musical alem\u00e1n por haber encontrado en alg\u00fan momento la f\u00f3rmula perfecta y luego repetirla una y otra vez.<\/p>\n<p>Al contrario. Del puesto 81 con \u201cDas Ziel ist im Weg\u201d al 28 con \u201cKlebstoff\u201d, al 13 con \u201cHin\u00fcber\u201d y al 7 con \u201cBaum\u201d, su evoluci\u00f3n demuestra de forma bastante impresionante que un p\u00fablico creciente y la independencia art\u00edstica no tienen por qu\u00e9 ser una contradicci\u00f3n. <\/p>\n<p>Se puede ser complejo y aun as\u00ed llegar a la gente. Se puede experimentar y aun as\u00ed hacer pop. Y se puede cambiar sin perderse a uno mismo.  <\/p>\n<p>Por eso mismo, Mine es nuestra Artist of the Month.<\/p>\n<p><strong>Siempre aut\u00e9ntica. Siempre fiel a s\u00ed misma. Siempre Mine. Solo que nunca la misma.   <\/strong><\/p>\n<h3>\u201cKILLER\u201d &#038; KILLER Tour 2026<\/h3>\n<p><strong>\u00c1lbum:<\/strong> \u201cKILLER\u201d<br \/>\n<strong>Lanzamiento:<\/strong> 4 de septiembre de 2026<br \/>\n<strong>Pre-save &#038; preorder:<\/strong> en <a href=\"https:\/\/minemusik.de\/\">minemusik.de<\/a><br \/>\n<strong>KILLER Tour:<\/strong> 4\u201321 de noviembre de 2026, 15 conciertos en Alemania y Austria<\/p>\n<hr>\n<p><em>M\u00e1s de Mine en <a href=\"https:\/\/www.instagram.com\/minemusik\">Instagram<\/a>, <a href=\"https:\/\/open.spotify.com\/artist\/mine\">Spotify<\/a> y <a href=\"https:\/\/www.minemusik.de\/\">minemusik.de<\/a>. Una vez al mes, recordJet presenta el Artist of the Month. Elegido por el equipo de recordJet, se premia a un artista de recordJet que nos gusta especialmente. P\u00e1sate por nuestra <a href=\"https:\/\/open.spotify.com\/playlist\/7m2zvtXmTbzBCOaKsnqcvF?si=3a764fd226034567\">playlist de AotM<\/a>.   <\/em><code><\/code><\/p>\n","protected":false},"excerpt":{"rendered":"<p>Mine es nuestra Artist of the Month en septiembre de 2026 y el 4 de septiembre sale \u201cKILLER\u201d, su nuevo y sexto \u00e1lbum. Ya era hora de contar una carrera que casi se puede leer a trav\u00e9s de sus discos. Hay artistas a los que, tras tres canciones, ya los tienes bastante calados. \u00bfG\u00e9nero? Check. [&hellip;]<\/p>\n","protected":false},"author":8,"featured_media":289536,"comment_status":"closed","ping_status":"closed","sticky":false,"template":"","format":"standard","meta":{"_acf_changed":false,"inline_featured_image":false,"footnotes":""},"categories":[6082,6068],"tags":[8498,6290,8102,8503,8500,7501,8502,8362,8499,7508,8501,8504,6499,8436],"class_list":["post-289530","post","type-post","status-publish","format-standard","has-post-thumbnail","hentry","category-potm-es","category-generalmente-es","tag-album-killer-2026","tag-artist-of-the-month-es","tag-artista-independiente-2","tag-compositora","tag-fatoni","tag-flinta-music-force-showcase-es","tag-listas-de-albumes-alemanas","tag-mine","tag-musica-alemana","tag-musikvertrieb-es","tag-popakademie","tag-productora","tag-recordjet-en-2-es","tag-reeperbahn-festival-2026"],"acf":[],"yoast_head":"<!-- This site is optimized with the Yoast SEO Premium plugin v28.3 (Yoast SEO v28.3) - https:\/\/yoast.com\/product\/yoast-seo-premium-wordpress\/ -->\n<title>Mine: nuestro Artist of the Month de septiembre de 2026 | recordJet<\/title>\n<meta name=\"description\" content=\"Mine es nuestra Artist of the Month. Lleva toda la vida haciendo m\u00fasica que se resiste a cualquier etiqueta\u2026 y su \u00e9xito no deja de crecer.\" \/>\n<meta name=\"robots\" content=\"index, follow, max-snippet:-1, max-image-preview:large, max-video-preview:-1\" \/>\n<link rel=\"canonical\" href=\"https:\/\/blog.recordjet.com\/es\/mine-nuestro-artist-of-the-month-de-septiembre-de-2026-recordjet\/\" \/>\n<meta property=\"og:locale\" content=\"es_ES\" \/>\n<meta property=\"og:type\" content=\"article\" \/>\n<meta property=\"og:title\" content=\"Mine: nuestro Artist of the Month de septiembre de 2026 | recordJet\" \/>\n<meta property=\"og:description\" content=\"Mine es nuestra Artist of the Month. Lleva toda la vida haciendo m\u00fasica que se resiste a cualquier etiqueta\u2026 y su \u00e9xito no deja de crecer.\" \/>\n<meta property=\"og:url\" content=\"https:\/\/blog.recordjet.com\/es\/mine-nuestro-artist-of-the-month-de-septiembre-de-2026-recordjet\/\" \/>\n<meta property=\"og:site_name\" content=\"recordJet\" \/>\n<meta property=\"article:publisher\" content=\"https:\/\/www.facebook.com\/recordJet\" \/>\n<meta property=\"article:published_time\" content=\"2026-09-01T09:08:43+00:00\" \/>\n<meta property=\"og:image\" content=\"https:\/\/blog-recordjet-com.exactdn.com\/wp-content\/uploads\/2026\/08\/Mine-2026-by-Bastian-Bochinski-10-11-4.jpg?strip=all&quality=86\" \/>\n\t<meta property=\"og:image:width\" content=\"5294\" \/>\n\t<meta property=\"og:image:height\" content=\"3319\" \/>\n\t<meta property=\"og:image:type\" content=\"image\/jpeg\" \/>\n<meta name=\"author\" content=\"Angela Peltner\" \/>\n<meta name=\"twitter:card\" content=\"summary_large_image\" \/>\n<meta name=\"twitter:creator\" content=\"@recordJet\" \/>\n<meta name=\"twitter:site\" content=\"@recordJet\" \/>\n<meta name=\"twitter:label1\" content=\"Escrito por\" \/>\n\t<meta name=\"twitter:data1\" content=\"Angela Peltner\" \/>\n\t<meta name=\"twitter:label2\" content=\"Tiempo de lectura\" \/>\n\t<meta name=\"twitter:data2\" content=\"8 minutos\" \/>\n<script type=\"application\/ld+json\" class=\"yoast-schema-graph\">{\"@context\":\"https:\\\/\\\/schema.org\",\"@graph\":[{\"@type\":\"Article\",\"@id\":\"https:\\\/\\\/blog.recordjet.com\\\/es\\\/mine-nuestro-artist-of-the-month-de-septiembre-de-2026-recordjet\\\/#article\",\"isPartOf\":{\"@id\":\"https:\\\/\\\/blog.recordjet.com\\\/es\\\/mine-nuestro-artist-of-the-month-de-septiembre-de-2026-recordjet\\\/\"},\"author\":{\"name\":\"Angela Peltner\",\"@id\":\"https:\\\/\\\/blog.recordjet.com\\\/es\\\/#\\\/schema\\\/person\\\/1dcefcf2da133f1660f5a24ec136ed5b\"},\"headline\":\"Mine: nuestro Artist of the Month de septiembre de 2026 | recordJet\",\"datePublished\":\"2026-09-01T09:08:43+00:00\",\"mainEntityOfPage\":{\"@id\":\"https:\\\/\\\/blog.recordjet.com\\\/es\\\/mine-nuestro-artist-of-the-month-de-septiembre-de-2026-recordjet\\\/\"},\"wordCount\":1573,\"publisher\":{\"@id\":\"https:\\\/\\\/blog.recordjet.com\\\/es\\\/#organization\"},\"image\":{\"@id\":\"https:\\\/\\\/blog.recordjet.com\\\/es\\\/mine-nuestro-artist-of-the-month-de-septiembre-de-2026-recordjet\\\/#primaryimage\"},\"thumbnailUrl\":\"https:\\\/\\\/blog-recordjet-com.exactdn.com\\\/wp-content\\\/uploads\\\/2026\\\/08\\\/Mine-2026-by-Bastian-Bochinski-10-11-4.jpg?strip=all&quality=86\",\"keywords\":[\"\u00c1lbum KILLER 2026\",\"Artist of the month\",\"Artista independiente\",\"Compositora\",\"Fatoni\",\"FLINTA Music Force Showcase\",\"Listas de \u00e1lbumes alemanas\",\"Mine\",\"M\u00fasica alemana\",\"Musikvertrieb\",\"Popakademie\",\"Productora\",\"recordJet\",\"Reeperbahn Festival 2026\"],\"articleSection\":[\"Artist of the Month\",\"Generalmente\"],\"inLanguage\":\"es\",\"copyrightYear\":\"2026\",\"copyrightHolder\":{\"@id\":\"https:\\\/\\\/blog.recordjet.com\\\/#organization\"}},{\"@type\":\"WebPage\",\"@id\":\"https:\\\/\\\/blog.recordjet.com\\\/es\\\/mine-nuestro-artist-of-the-month-de-septiembre-de-2026-recordjet\\\/\",\"url\":\"https:\\\/\\\/blog.recordjet.com\\\/es\\\/mine-nuestro-artist-of-the-month-de-septiembre-de-2026-recordjet\\\/\",\"name\":\"Mine: nuestro Artist of the Month de septiembre de 2026 | recordJet\",\"isPartOf\":{\"@id\":\"https:\\\/\\\/blog.recordjet.com\\\/es\\\/#website\"},\"primaryImageOfPage\":{\"@id\":\"https:\\\/\\\/blog.recordjet.com\\\/es\\\/mine-nuestro-artist-of-the-month-de-septiembre-de-2026-recordjet\\\/#primaryimage\"},\"image\":{\"@id\":\"https:\\\/\\\/blog.recordjet.com\\\/es\\\/mine-nuestro-artist-of-the-month-de-septiembre-de-2026-recordjet\\\/#primaryimage\"},\"thumbnailUrl\":\"https:\\\/\\\/blog-recordjet-com.exactdn.com\\\/wp-content\\\/uploads\\\/2026\\\/08\\\/Mine-2026-by-Bastian-Bochinski-10-11-4.jpg?strip=all&quality=86\",\"datePublished\":\"2026-09-01T09:08:43+00:00\",\"description\":\"Mine es nuestra Artist of the Month. Lleva toda la vida haciendo m\u00fasica que se resiste a cualquier etiqueta\u2026 y su \u00e9xito no deja de crecer.\",\"breadcrumb\":{\"@id\":\"https:\\\/\\\/blog.recordjet.com\\\/es\\\/mine-nuestro-artist-of-the-month-de-septiembre-de-2026-recordjet\\\/#breadcrumb\"},\"inLanguage\":\"es\",\"potentialAction\":[{\"@type\":\"ReadAction\",\"target\":[\"https:\\\/\\\/blog.recordjet.com\\\/es\\\/mine-nuestro-artist-of-the-month-de-septiembre-de-2026-recordjet\\\/\"]}]},{\"@type\":\"ImageObject\",\"inLanguage\":\"es\",\"@id\":\"https:\\\/\\\/blog.recordjet.com\\\/es\\\/mine-nuestro-artist-of-the-month-de-septiembre-de-2026-recordjet\\\/#primaryimage\",\"url\":\"https:\\\/\\\/blog-recordjet-com.exactdn.com\\\/wp-content\\\/uploads\\\/2026\\\/08\\\/Mine-2026-by-Bastian-Bochinski-10-11-4.jpg?strip=all&quality=86\",\"contentUrl\":\"https:\\\/\\\/blog-recordjet-com.exactdn.com\\\/wp-content\\\/uploads\\\/2026\\\/08\\\/Mine-2026-by-Bastian-Bochinski-10-11-4.jpg?strip=all&quality=86\",\"width\":5294,\"height\":3319,\"caption\":\"Mine, Artist of the Month de agosto de 2026 recordJet \u2013 cantante, compositora, productora\"},{\"@type\":\"BreadcrumbList\",\"@id\":\"https:\\\/\\\/blog.recordjet.com\\\/es\\\/mine-nuestro-artist-of-the-month-de-septiembre-de-2026-recordjet\\\/#breadcrumb\",\"itemListElement\":[{\"@type\":\"ListItem\",\"position\":1,\"name\":\"Startseite\",\"item\":\"https:\\\/\\\/blog.recordjet.com\\\/es\\\/start\\\/\"},{\"@type\":\"ListItem\",\"position\":2,\"name\":\"Mine: nuestro Artist of the Month de septiembre de 2026 | recordJet\"}]},{\"@type\":\"WebSite\",\"@id\":\"https:\\\/\\\/blog.recordjet.com\\\/es\\\/#website\",\"url\":\"https:\\\/\\\/blog.recordjet.com\\\/es\\\/\",\"name\":\"recordJet Blog\",\"description\":\"Your Music. No Limits.\",\"publisher\":{\"@id\":\"https:\\\/\\\/blog.recordjet.com\\\/es\\\/#organization\"},\"potentialAction\":[{\"@type\":\"SearchAction\",\"target\":{\"@type\":\"EntryPoint\",\"urlTemplate\":\"https:\\\/\\\/blog.recordjet.com\\\/es\\\/?s={search_term_string}\"},\"query-input\":{\"@type\":\"PropertyValueSpecification\",\"valueRequired\":true,\"valueName\":\"search_term_string\"}}],\"inLanguage\":\"es\"},{\"@type\":\"Organization\",\"@id\":\"https:\\\/\\\/blog.recordjet.com\\\/es\\\/#organization\",\"name\":\"recordJet\",\"url\":\"https:\\\/\\\/blog.recordjet.com\\\/es\\\/\",\"logo\":{\"@type\":\"ImageObject\",\"inLanguage\":\"es\",\"@id\":\"https:\\\/\\\/blog.recordjet.com\\\/es\\\/#\\\/schema\\\/logo\\\/image\\\/\",\"url\":\"https:\\\/\\\/blog.recordjet.com\\\/wp-content\\\/uploads\\\/2023\\\/08\\\/RJ-Complete_RGB.svg\",\"contentUrl\":\"https:\\\/\\\/blog.recordjet.com\\\/wp-content\\\/uploads\\\/2023\\\/08\\\/RJ-Complete_RGB.svg\",\"width\":\"714\",\"height\":\"714\",\"caption\":\"recordJet\"},\"image\":{\"@id\":\"https:\\\/\\\/blog.recordjet.com\\\/es\\\/#\\\/schema\\\/logo\\\/image\\\/\"},\"sameAs\":[\"https:\\\/\\\/www.facebook.com\\\/recordJet\",\"https:\\\/\\\/x.com\\\/recordJet\",\"https:\\\/\\\/www.instagram.com\\\/recordjet\\\/\",\"https:\\\/\\\/de.linkedin.com\\\/company\\\/recordjet\",\"https:\\\/\\\/www.youtube.com\\\/channel\\\/UCPlJK9s-nhQLAAbFlOyQ3GA\",\"https:\\\/\\\/de.wikipedia.org\\\/wiki\\\/RecordJet\"]},{\"@type\":\"Person\",\"@id\":\"https:\\\/\\\/blog.recordjet.com\\\/es\\\/#\\\/schema\\\/person\\\/1dcefcf2da133f1660f5a24ec136ed5b\",\"name\":\"Angela Peltner\",\"image\":{\"@type\":\"ImageObject\",\"inLanguage\":\"es\",\"@id\":\"https:\\\/\\\/blog-recordjet-com.exactdn.com\\\/wp-content\\\/uploads\\\/2019\\\/12\\\/Angela_Blog.png?strip=all&quality=86&resize=96%2C96\",\"url\":\"https:\\\/\\\/blog-recordjet-com.exactdn.com\\\/wp-content\\\/uploads\\\/2019\\\/12\\\/Angela_Blog.png?strip=all&quality=86&resize=96%2C96\",\"contentUrl\":\"https:\\\/\\\/blog-recordjet-com.exactdn.com\\\/wp-content\\\/uploads\\\/2019\\\/12\\\/Angela_Blog.png?strip=all&quality=86&resize=96%2C96\",\"caption\":\"Angela Peltner\"},\"url\":\"https:\\\/\\\/blog.recordjet.com\\\/es\\\/author\\\/angela\\\/\"}]}<\/script>\n<!-- \/ Yoast SEO Premium plugin. -->","yoast_head_json":{"title":"Mine: nuestro Artist of the Month de septiembre de 2026 | recordJet","description":"Mine es nuestra Artist of the Month. Lleva toda la vida haciendo m\u00fasica que se resiste a cualquier etiqueta\u2026 y su \u00e9xito no deja de crecer.","robots":{"index":"index","follow":"follow","max-snippet":"max-snippet:-1","max-image-preview":"max-image-preview:large","max-video-preview":"max-video-preview:-1"},"canonical":"https:\/\/blog.recordjet.com\/es\/mine-nuestro-artist-of-the-month-de-septiembre-de-2026-recordjet\/","og_locale":"es_ES","og_type":"article","og_title":"Mine: nuestro Artist of the Month de septiembre de 2026 | recordJet","og_description":"Mine es nuestra Artist of the Month. Lleva toda la vida haciendo m\u00fasica que se resiste a cualquier etiqueta\u2026 y su \u00e9xito no deja de crecer.","og_url":"https:\/\/blog.recordjet.com\/es\/mine-nuestro-artist-of-the-month-de-septiembre-de-2026-recordjet\/","og_site_name":"recordJet","article_publisher":"https:\/\/www.facebook.com\/recordJet","article_published_time":"2026-09-01T09:08:43+00:00","og_image":[{"width":5294,"height":3319,"url":"https:\/\/blog-recordjet-com.exactdn.com\/wp-content\/uploads\/2026\/08\/Mine-2026-by-Bastian-Bochinski-10-11-4.jpg?strip=all&quality=86","type":"image\/jpeg"}],"author":"Angela Peltner","twitter_card":"summary_large_image","twitter_creator":"@recordJet","twitter_site":"@recordJet","twitter_misc":{"Escrito por":"Angela Peltner","Tiempo de lectura":"8 minutos"},"schema":{"@context":"https:\/\/schema.org","@graph":[{"@type":"Article","@id":"https:\/\/blog.recordjet.com\/es\/mine-nuestro-artist-of-the-month-de-septiembre-de-2026-recordjet\/#article","isPartOf":{"@id":"https:\/\/blog.recordjet.com\/es\/mine-nuestro-artist-of-the-month-de-septiembre-de-2026-recordjet\/"},"author":{"name":"Angela Peltner","@id":"https:\/\/blog.recordjet.com\/es\/#\/schema\/person\/1dcefcf2da133f1660f5a24ec136ed5b"},"headline":"Mine: nuestro Artist of the Month de septiembre de 2026 | recordJet","datePublished":"2026-09-01T09:08:43+00:00","mainEntityOfPage":{"@id":"https:\/\/blog.recordjet.com\/es\/mine-nuestro-artist-of-the-month-de-septiembre-de-2026-recordjet\/"},"wordCount":1573,"publisher":{"@id":"https:\/\/blog.recordjet.com\/es\/#organization"},"image":{"@id":"https:\/\/blog.recordjet.com\/es\/mine-nuestro-artist-of-the-month-de-septiembre-de-2026-recordjet\/#primaryimage"},"thumbnailUrl":"https:\/\/blog-recordjet-com.exactdn.com\/wp-content\/uploads\/2026\/08\/Mine-2026-by-Bastian-Bochinski-10-11-4.jpg?strip=all&quality=86","keywords":["\u00c1lbum KILLER 2026","Artist of the month","Artista independiente","Compositora","Fatoni","FLINTA Music Force Showcase","Listas de \u00e1lbumes alemanas","Mine","M\u00fasica alemana","Musikvertrieb","Popakademie","Productora","recordJet","Reeperbahn Festival 2026"],"articleSection":["Artist of the Month","Generalmente"],"inLanguage":"es","copyrightYear":"2026","copyrightHolder":{"@id":"https:\/\/blog.recordjet.com\/#organization"}},{"@type":"WebPage","@id":"https:\/\/blog.recordjet.com\/es\/mine-nuestro-artist-of-the-month-de-septiembre-de-2026-recordjet\/","url":"https:\/\/blog.recordjet.com\/es\/mine-nuestro-artist-of-the-month-de-septiembre-de-2026-recordjet\/","name":"Mine: nuestro Artist of the Month de septiembre de 2026 | recordJet","isPartOf":{"@id":"https:\/\/blog.recordjet.com\/es\/#website"},"primaryImageOfPage":{"@id":"https:\/\/blog.recordjet.com\/es\/mine-nuestro-artist-of-the-month-de-septiembre-de-2026-recordjet\/#primaryimage"},"image":{"@id":"https:\/\/blog.recordjet.com\/es\/mine-nuestro-artist-of-the-month-de-septiembre-de-2026-recordjet\/#primaryimage"},"thumbnailUrl":"https:\/\/blog-recordjet-com.exactdn.com\/wp-content\/uploads\/2026\/08\/Mine-2026-by-Bastian-Bochinski-10-11-4.jpg?strip=all&quality=86","datePublished":"2026-09-01T09:08:43+00:00","description":"Mine es nuestra Artist of the Month. Lleva toda la vida haciendo m\u00fasica que se resiste a cualquier etiqueta\u2026 y su \u00e9xito no deja de crecer.","breadcrumb":{"@id":"https:\/\/blog.recordjet.com\/es\/mine-nuestro-artist-of-the-month-de-septiembre-de-2026-recordjet\/#breadcrumb"},"inLanguage":"es","potentialAction":[{"@type":"ReadAction","target":["https:\/\/blog.recordjet.com\/es\/mine-nuestro-artist-of-the-month-de-septiembre-de-2026-recordjet\/"]}]},{"@type":"ImageObject","inLanguage":"es","@id":"https:\/\/blog.recordjet.com\/es\/mine-nuestro-artist-of-the-month-de-septiembre-de-2026-recordjet\/#primaryimage","url":"https:\/\/blog-recordjet-com.exactdn.com\/wp-content\/uploads\/2026\/08\/Mine-2026-by-Bastian-Bochinski-10-11-4.jpg?strip=all&quality=86","contentUrl":"https:\/\/blog-recordjet-com.exactdn.com\/wp-content\/uploads\/2026\/08\/Mine-2026-by-Bastian-Bochinski-10-11-4.jpg?strip=all&quality=86","width":5294,"height":3319,"caption":"Mine, Artist of the Month de agosto de 2026 recordJet \u2013 cantante, compositora, productora"},{"@type":"BreadcrumbList","@id":"https:\/\/blog.recordjet.com\/es\/mine-nuestro-artist-of-the-month-de-septiembre-de-2026-recordjet\/#breadcrumb","itemListElement":[{"@type":"ListItem","position":1,"name":"Startseite","item":"https:\/\/blog.recordjet.com\/es\/start\/"},{"@type":"ListItem","position":2,"name":"Mine: nuestro Artist of the Month de septiembre de 2026 | recordJet"}]},{"@type":"WebSite","@id":"https:\/\/blog.recordjet.com\/es\/#website","url":"https:\/\/blog.recordjet.com\/es\/","name":"recordJet Blog","description":"Your Music. No Limits.","publisher":{"@id":"https:\/\/blog.recordjet.com\/es\/#organization"},"potentialAction":[{"@type":"SearchAction","target":{"@type":"EntryPoint","urlTemplate":"https:\/\/blog.recordjet.com\/es\/?s={search_term_string}"},"query-input":{"@type":"PropertyValueSpecification","valueRequired":true,"valueName":"search_term_string"}}],"inLanguage":"es"},{"@type":"Organization","@id":"https:\/\/blog.recordjet.com\/es\/#organization","name":"recordJet","url":"https:\/\/blog.recordjet.com\/es\/","logo":{"@type":"ImageObject","inLanguage":"es","@id":"https:\/\/blog.recordjet.com\/es\/#\/schema\/logo\/image\/","url":"https:\/\/blog.recordjet.com\/wp-content\/uploads\/2023\/08\/RJ-Complete_RGB.svg","contentUrl":"https:\/\/blog.recordjet.com\/wp-content\/uploads\/2023\/08\/RJ-Complete_RGB.svg","width":"714","height":"714","caption":"recordJet"},"image":{"@id":"https:\/\/blog.recordjet.com\/es\/#\/schema\/logo\/image\/"},"sameAs":["https:\/\/www.facebook.com\/recordJet","https:\/\/x.com\/recordJet","https:\/\/www.instagram.com\/recordjet\/","https:\/\/de.linkedin.com\/company\/recordjet","https:\/\/www.youtube.com\/channel\/UCPlJK9s-nhQLAAbFlOyQ3GA","https:\/\/de.wikipedia.org\/wiki\/RecordJet"]},{"@type":"Person","@id":"https:\/\/blog.recordjet.com\/es\/#\/schema\/person\/1dcefcf2da133f1660f5a24ec136ed5b","name":"Angela Peltner","image":{"@type":"ImageObject","inLanguage":"es","@id":"https:\/\/blog-recordjet-com.exactdn.com\/wp-content\/uploads\/2019\/12\/Angela_Blog.png?strip=all&quality=86&resize=96%2C96","url":"https:\/\/blog-recordjet-com.exactdn.com\/wp-content\/uploads\/2019\/12\/Angela_Blog.png?strip=all&quality=86&resize=96%2C96","contentUrl":"https:\/\/blog-recordjet-com.exactdn.com\/wp-content\/uploads\/2019\/12\/Angela_Blog.png?strip=all&quality=86&resize=96%2C96","caption":"Angela Peltner"},"url":"https:\/\/blog.recordjet.com\/es\/author\/angela\/"}]}},"_links":{"self":[{"href":"https:\/\/blog.recordjet.com\/es\/wp-json\/wp\/v2\/posts\/289530","targetHints":{"allow":["GET"]}}],"collection":[{"href":"https:\/\/blog.recordjet.com\/es\/wp-json\/wp\/v2\/posts"}],"about":[{"href":"https:\/\/blog.recordjet.com\/es\/wp-json\/wp\/v2\/types\/post"}],"author":[{"embeddable":true,"href":"https:\/\/blog.recordjet.com\/es\/wp-json\/wp\/v2\/users\/8"}],"replies":[{"embeddable":true,"href":"https:\/\/blog.recordjet.com\/es\/wp-json\/wp\/v2\/comments?post=289530"}],"version-history":[{"count":1,"href":"https:\/\/blog.recordjet.com\/es\/wp-json\/wp\/v2\/posts\/289530\/revisions"}],"predecessor-version":[{"id":289537,"href":"https:\/\/blog.recordjet.com\/es\/wp-json\/wp\/v2\/posts\/289530\/revisions\/289537"}],"wp:featuredmedia":[{"embeddable":true,"href":"https:\/\/blog.recordjet.com\/es\/wp-json\/wp\/v2\/media\/289536"}],"wp:attachment":[{"href":"https:\/\/blog.recordjet.com\/es\/wp-json\/wp\/v2\/media?parent=289530"}],"wp:term":[{"taxonomy":"category","embeddable":true,"href":"https:\/\/blog.recordjet.com\/es\/wp-json\/wp\/v2\/categories?post=289530"},{"taxonomy":"post_tag","embeddable":true,"href":"https:\/\/blog.recordjet.com\/es\/wp-json\/wp\/v2\/tags?post=289530"}],"curies":[{"name":"wp","href":"https:\/\/api.w.org\/{rel}","templated":true}]}}